{"id":6981,"date":"2025-07-25T13:13:33","date_gmt":"2025-07-25T11:13:33","guid":{"rendered":"https:\/\/pawsunited.ch\/?p=6981"},"modified":"2025-12-23T17:29:31","modified_gmt":"2025-12-23T15:29:31","slug":"naturwunder-hitze-bluetenpracht-und-dankbarkeit","status":"publish","type":"post","link":"https:\/\/pawsunited.ch\/en\/naturwunder-hitze-bluetenpracht-und-dankbarkeit\/","title":{"rendered":"Natural Wonders between Heat, Blossoming Splendor, and Gratitude"},"content":{"rendered":"\n<div class=\"wp-block-rank-math-toc-block\" id=\"rank-math-toc\"><h2>Table of Contents <\/h2><nav><ul><li class=\"\"><a href=\"#sommerhitze-blutenpracht-und-dankbare-blicke-zuruck\">Natural Wonders in Sweden: Summer Heat, Blossoming Splendor, and Grateful Glances Back<\/a><\/li><li class=\"\"><a href=\"#von-puzzleteilen-und-gottlicher-fuhrung\">Of Puzzle Pieces and Divine Guidance<\/a><\/li><li class=\"\"><a href=\"#sommer-im-norden-wenn-der-polarkreis-schwitzt\">Summer in the North: When the Arctic Circle Swelters<\/a><\/li><li class=\"\"><a href=\"#bluten-bienen-und-der-kampf-ums-perfekte-foto\">Blossoms, Bees, and the Quest for the Perfect Photo<\/a><ul><li class=\"\"><a href=\"#iso-verschlusszeit-und-ein-hauch-von-geduld\">ISO, Shutter Speed, and a Touch of Patience<\/a><\/li><\/ul><\/li><li class=\"\"><a href=\"#dankbarkeit-die-bluht-wie-die-wildblumen\">Gratitude That Blooms Like Wildflowers<\/a><\/li><li class=\"\"><a href=\"#was-der-sommer-noch-bringt\">What the Summer Still Holds&#8230;<\/a><\/li><\/ul><\/nav><\/div>\n\n\n\n<h2 class=\"wp-block-heading\" id=\"sommerhitze-blutenpracht-und-dankbare-blicke-zuruck\">Natural Wonders in Sweden: Summer Heat, Blossoming Splendor, and Grateful Glances Back<\/h2>\n\n\n\n<p>Almost exactly one year ago, I arrived in Sweden\u2014and what a year of surprises, growth, natural wonders, and unexpected beauty it has been! Today, I sit here in Glommerstr\u00e4sk, surrounded by buzzing bees, wildflower meadows, and a heat that does not spare even the far north. But let&#8217;s take it step by step\u2026<\/p>\n\n\n\n<h2 class=\"wp-block-heading\" id=\"von-puzzleteilen-und-gottlicher-fuhrung\">Of Puzzle Pieces and Divine Guidance<\/h2>\n\n\n\n<p>When I came here last year, I didn\u2019t know that I would stay. But today, as I look back, I feel deep gratitude. It&#8217;s as if God has gently placed each piece of my journey&#8217;s puzzle in the right spot\u2014even the seemingly random encounters or challenges suddenly made sense. For that, I am infinitely grateful.<\/p>\n\n\n\n<h2 class=\"wp-block-heading\" id=\"sommer-im-norden-wenn-der-polarkreis-schwitzt\">Summer in the North: When the Arctic Circle Swelters<\/h2>\n\n\n\n<p>If you thought Sweden&#8217;s natural wonders were limited to the Northern Lights and autumn forests, I&#8217;m afraid I have to disappoint you\u2014this summer reveals a whole new side! For weeks, we&#8217;ve been experiencing unusual heat that even surprises the locals. 30 degrees in the shade? In the far north? That was definitely not on my wish list! \ud83d\ude05 But nature knows how to cope\u2014and so do I: the countless lakes around Glommerstr\u00e4sk have become our salvation.<\/p>\n\n\n\n<p>Lina, the water lover, has developed her own strategy against the heat. Whether fetching toys or simply splashing around, she turns every swim day into a comedy show. But see for yourself in the video\u2014isn&#8217;t she adorable? \ud83e\udd70<\/p>\n\n\n\n<div id=\"wp-block-themeisle-blocks-advanced-columns-7931e967\" class=\"wp-block-themeisle-blocks-advanced-columns has-1-columns has-desktop-equal-layout has-tablet-equal-layout has-mobile-equal-layout has-vertical-unset\"><div class=\"wp-block-themeisle-blocks-advanced-columns-overlay\"><\/div><div class=\"innerblocks-wrap\">\n<div id=\"wp-block-themeisle-blocks-advanced-column-eb6888e7\" class=\"wp-block-themeisle-blocks-advanced-column\">\n<div class=\"wp-block-getwid-content-slider has-arrows-none has-dots-outside\" data-arrows=\"none\" data-dots=\"outside\"><div class=\"wp-block-getwid-content-slider__wrapper\">\n<div class=\"wp-block-getwid-content-slider-slide\"><div class=\"wp-block-getwid-content-slider-slide__wrapper\">\n<figure class=\"wp-block-video\"><video height=\"640\" style=\"aspect-ratio: 360 \/ 640;\" width=\"360\" controls src=\"https:\/\/pawsunited.ch\/wp-content\/uploads\/2025\/07\/lina-im-see-1.mp4\"><\/video><\/figure>\n<\/div><\/div>\n\n\n\n<div class=\"wp-block-getwid-content-slider-slide\"><div class=\"wp-block-getwid-content-slider-slide__wrapper\">\n<figure class=\"wp-block-video\"><video height=\"640\" style=\"aspect-ratio: 360 \/ 640;\" width=\"360\" controls src=\"https:\/\/pawsunited.ch\/wp-content\/uploads\/2025\/07\/lina-im-see-2.mp4\"><\/video><\/figure>\n<\/div><\/div>\n<\/div><\/div>\n<\/div>\n<\/div><\/div>\n\n\n\n<div style=\"height:40px\" aria-hidden=\"true\" class=\"wp-block-spacer\"><\/div>\n\n\n\n<p>Unfortunately, there aren&#8217;t too many photos of Ayla because she doesn&#8217;t like being photographed\u2014and when she does, she usually looks a bit funny at the camera, as if to ask, &#8220;Why are you bothering me again?&#8221; \ud83d\ude1c<\/p>\n\n\n<div class=\"pgc-sgb-cb wp-block-pgcsimplygalleryblock-justified \" data-gallery-id=\"0c464571\"><div class=\"sgb-preloader\" id=\"pr_0c464571\">\n\t<div class=\"sgb-square\" style=\"background:#d4d4d4\"><\/div>\n\t<div class=\"sgb-square\" style=\"background:#d4d4d4\"><\/div>\n\t<div class=\"sgb-square\" style=\"background:#d4d4d4\"><\/div>\n\t<div class=\"sgb-square\" style=\"background:#d4d4d4\"><\/div><\/div><div class=\"simply-gallery-amp pgc_sgb_slider \"><noscript><div class=\"sgb-gallery\"><div class=\"sgb-item\"><a href=\"https:\/\/pawsunited.ch\/?attachment_id=6988\" target=\"_blank\"><img decoding=\"async\" alt=\"Mit Lina und Ayla am See\" width=\"300\" height=\"225\" loading=\"lazy\" src=\"https:\/\/pawsunited.ch\/wp-content\/uploads\/2025\/07\/Alle-am-See-1-300x225.jpeg\" srcset=\"https:\/\/pawsunited.ch\/wp-content\/uploads\/2025\/07\/Alle-am-See-1-300x225.jpeg 300w,https:\/\/pawsunited.ch\/wp-content\/uploads\/2025\/07\/Alle-am-See-1.jpeg 640w\" sizes=\"auto, 250px\" title=\"\"><\/a><div class=\"sgb-item-caption\"><em>Hier doch ein Foto mit Ayla \ud83e\udd23<\/em><\/div><\/div><div class=\"sgb-item\"><a href=\"https:\/\/pawsunited.ch\/?attachment_id=6989\" target=\"_blank\"><img decoding=\"async\" alt=\"Selfie mit Lina am See\" width=\"300\" height=\"225\" loading=\"lazy\" src=\"https:\/\/pawsunited.ch\/wp-content\/uploads\/2025\/07\/Lina-im-See-1-300x225.jpeg\" srcset=\"https:\/\/pawsunited.ch\/wp-content\/uploads\/2025\/07\/Lina-im-See-1-300x225.jpeg 300w,https:\/\/pawsunited.ch\/wp-content\/uploads\/2025\/07\/Lina-im-See-1.jpeg 640w\" sizes=\"auto, 250px\" title=\"\"><\/a><\/div><div class=\"sgb-item\"><a href=\"https:\/\/pawsunited.ch\/?attachment_id=6990\" target=\"_blank\"><img decoding=\"async\" alt=\"Lina im See\" width=\"225\" height=\"300\" loading=\"lazy\" src=\"https:\/\/pawsunited.ch\/wp-content\/uploads\/2025\/07\/Lina-im-See-2-225x300.jpeg\" srcset=\"https:\/\/pawsunited.ch\/wp-content\/uploads\/2025\/07\/Lina-im-See-2-225x300.jpeg 225w,https:\/\/pawsunited.ch\/wp-content\/uploads\/2025\/07\/Lina-im-See-2.jpeg 480w\" sizes=\"auto, 250px\" title=\"\"><\/a><\/div><div class=\"sgb-item\"><a href=\"https:\/\/pawsunited.ch\/?attachment_id=6991\" target=\"_blank\"><img decoding=\"async\" alt=\"Lina im See\" width=\"225\" height=\"300\" loading=\"lazy\" src=\"https:\/\/pawsunited.ch\/wp-content\/uploads\/2025\/07\/Lina-im-See-3-225x300.jpeg\" srcset=\"https:\/\/pawsunited.ch\/wp-content\/uploads\/2025\/07\/Lina-im-See-3-225x300.jpeg 225w,https:\/\/pawsunited.ch\/wp-content\/uploads\/2025\/07\/Lina-im-See-3.jpeg 480w\" sizes=\"auto, 250px\" title=\"\"><\/a><\/div><div class=\"sgb-item\"><a href=\"https:\/\/pawsunited.ch\/?attachment_id=6992\" target=\"_blank\"><img decoding=\"async\" alt=\"Lina im See\" width=\"300\" height=\"225\" loading=\"lazy\" src=\"https:\/\/pawsunited.ch\/wp-content\/uploads\/2025\/07\/Lina-im-See-4-300x225.jpeg\" srcset=\"https:\/\/pawsunited.ch\/wp-content\/uploads\/2025\/07\/Lina-im-See-4-300x225.jpeg 300w,https:\/\/pawsunited.ch\/wp-content\/uploads\/2025\/07\/Lina-im-See-4.jpeg 640w\" sizes=\"auto, 250px\" title=\"\"><\/a><\/div><div class=\"sgb-item\"><a href=\"https:\/\/pawsunited.ch\/?attachment_id=6993\" target=\"_blank\"><img decoding=\"async\" alt=\"Lina im See\" width=\"300\" height=\"225\" loading=\"lazy\" src=\"https:\/\/pawsunited.ch\/wp-content\/uploads\/2025\/07\/Lina-im-See-5-300x225.jpeg\" srcset=\"https:\/\/pawsunited.ch\/wp-content\/uploads\/2025\/07\/Lina-im-See-5-300x225.jpeg 300w,https:\/\/pawsunited.ch\/wp-content\/uploads\/2025\/07\/Lina-im-See-5.jpeg 640w\" sizes=\"auto, 250px\" title=\"\"><\/a><\/div><div class=\"sgb-item\"><a href=\"https:\/\/pawsunited.ch\/?attachment_id=6994\" target=\"_blank\"><img decoding=\"async\" alt=\"Lina im See\" width=\"300\" height=\"225\" loading=\"lazy\" src=\"https:\/\/pawsunited.ch\/wp-content\/uploads\/2025\/07\/Lina-im-See-6-300x225.jpeg\" srcset=\"https:\/\/pawsunited.ch\/wp-content\/uploads\/2025\/07\/Lina-im-See-6-300x225.jpeg 300w,https:\/\/pawsunited.ch\/wp-content\/uploads\/2025\/07\/Lina-im-See-6.jpeg 640w\" sizes=\"auto, 250px\" title=\"\"><\/a><\/div><div class=\"sgb-item\"><a href=\"https:\/\/pawsunited.ch\/?attachment_id=6995\" target=\"_blank\"><img decoding=\"async\" alt=\"Lina im See\" width=\"300\" height=\"225\" loading=\"lazy\" src=\"https:\/\/pawsunited.ch\/wp-content\/uploads\/2025\/07\/Lina-im-See-7-300x225.jpeg\" srcset=\"https:\/\/pawsunited.ch\/wp-content\/uploads\/2025\/07\/Lina-im-See-7-300x225.jpeg 300w,https:\/\/pawsunited.ch\/wp-content\/uploads\/2025\/07\/Lina-im-See-7.jpeg 640w\" sizes=\"auto, 250px\" title=\"\"><\/a><\/div><\/div><\/noscript><\/div><script type=\"application\/json\" class=\"sgb-data\">{\"lastRowFill\":true,\"externalLink\":false,\"collectionThumbSubMenuDownload\":false,\"collectionThumbSubMenuShare\":false,\"galleryType\":\"pgc_sgb_justified\",\"galleryId\":\"0c464571\",\"images\":[{\"id\":6988,\"title\":\"Alle am See - 1\",\"url\":\"https:\/\/pawsunited.ch\/wp-content\/uploads\/2025\/07\/Alle-am-See-1.jpeg\",\"link\":\"https:\/\/pawsunited.ch\/?attachment_id=6988\",\"alt\":\"Mit Lina und Ayla am See\",\"description\":\"\",\"caption\":\"Hier doch ein Foto mit Ayla \ud83e\udd23\",\"mime\":\"image\/jpeg\",\"type\":\"image\",\"width\":640,\"height\":480,\"sizes\":{\"thumbnail\":{\"url\":\"https:\/\/pawsunited.ch\/wp-content\/uploads\/2025\/07\/Alle-am-See-1-150x150.jpeg\",\"height\":150,\"width\":150,\"orientation\":\"landscape\"},\"medium\":{\"url\":\"https:\/\/pawsunited.ch\/wp-content\/uploads\/2025\/07\/Alle-am-See-1-300x225.jpeg\",\"height\":225,\"width\":300,\"orientation\":\"landscape\"},\"full\":{\"url\":\"https:\/\/pawsunited.ch\/wp-content\/uploads\/2025\/07\/Alle-am-See-1.jpeg\",\"height\":480,\"width\":640,\"orientation\":\"landscape\"}},\"imageMeta\":{\"aperture\":\"1.9\",\"credit\":\"\",\"camera\":\"iPhone 15\",\"caption\":\"\",\"created_timestamp\":\"1752315784\",\"copyright\":\"\",\"focal_length\":\"2.69\",\"iso\":\"25\",\"shutter_speed\":\"0.001628664495114\",\"title\":\"\",\"orientation\":\"1\",\"keywords\":[]},\"meta\":false,\"postlink\":\"https:\/\/pawsunited.ch\/?attachment_id=6988\"},{\"id\":6989,\"title\":\"Lina im See - 1\",\"url\":\"https:\/\/pawsunited.ch\/wp-content\/uploads\/2025\/07\/Lina-im-See-1.jpeg\",\"link\":\"https:\/\/pawsunited.ch\/?attachment_id=6989\",\"alt\":\"Selfie mit Lina am See\",\"description\":\"\",\"caption\":\"\",\"mime\":\"image\/jpeg\",\"type\":\"image\",\"width\":640,\"height\":480,\"sizes\":{\"thumbnail\":{\"url\":\"https:\/\/pawsunited.ch\/wp-content\/uploads\/2025\/07\/Lina-im-See-1-150x150.jpeg\",\"height\":150,\"width\":150,\"orientation\":\"landscape\"},\"medium\":{\"url\":\"https:\/\/pawsunited.ch\/wp-content\/uploads\/2025\/07\/Lina-im-See-1-300x225.jpeg\",\"height\":225,\"width\":300,\"orientation\":\"landscape\"},\"full\":{\"url\":\"https:\/\/pawsunited.ch\/wp-content\/uploads\/2025\/07\/Lina-im-See-1.jpeg\",\"height\":480,\"width\":640,\"orientation\":\"landscape\"}},\"imageMeta\":{\"aperture\":\"1.9\",\"credit\":\"Apple Photos Clean Up\",\"camera\":\"iPhone 15\",\"caption\":\"\",\"created_timestamp\":\"1753024254\",\"copyright\":\"\",\"focal_length\":\"2.69\",\"iso\":\"25\",\"shutter_speed\":\"0.0018115942028986\",\"title\":\"\",\"orientation\":\"1\",\"keywords\":[]},\"meta\":false,\"postlink\":\"https:\/\/pawsunited.ch\/?attachment_id=6989\"},{\"id\":6990,\"title\":\"Lina im See - 2\",\"url\":\"https:\/\/pawsunited.ch\/wp-content\/uploads\/2025\/07\/Lina-im-See-2.jpeg\",\"link\":\"https:\/\/pawsunited.ch\/?attachment_id=6990\",\"alt\":\"Lina im See\",\"description\":\"\",\"caption\":\"\",\"mime\":\"image\/jpeg\",\"type\":\"image\",\"width\":480,\"height\":640,\"sizes\":{\"thumbnail\":{\"url\":\"https:\/\/pawsunited.ch\/wp-content\/uploads\/2025\/07\/Lina-im-See-2-150x150.jpeg\",\"height\":150,\"width\":150,\"orientation\":\"landscape\"},\"medium\":{\"url\":\"https:\/\/pawsunited.ch\/wp-content\/uploads\/2025\/07\/Lina-im-See-2-225x300.jpeg\",\"height\":300,\"width\":225,\"orientation\":\"portrait\"},\"full\":{\"url\":\"https:\/\/pawsunited.ch\/wp-content\/uploads\/2025\/07\/Lina-im-See-2.jpeg\",\"height\":640,\"width\":480,\"orientation\":\"portrait\"}},\"imageMeta\":{\"aperture\":\"1.6\",\"credit\":\"\",\"camera\":\"iPhone 15\",\"caption\":\"\",\"created_timestamp\":\"1753025019\",\"copyright\":\"\",\"focal_length\":\"5.96\",\"iso\":\"50\",\"shutter_speed\":\"0.00027397260273973\",\"title\":\"\",\"orientation\":\"1\",\"keywords\":[]},\"meta\":false,\"postlink\":\"https:\/\/pawsunited.ch\/?attachment_id=6990\"},{\"id\":6991,\"title\":\"Lina im See - 3\",\"url\":\"https:\/\/pawsunited.ch\/wp-content\/uploads\/2025\/07\/Lina-im-See-3.jpeg\",\"link\":\"https:\/\/pawsunited.ch\/?attachment_id=6991\",\"alt\":\"Lina im See\",\"description\":\"\",\"caption\":\"\",\"mime\":\"image\/jpeg\",\"type\":\"image\",\"width\":480,\"height\":640,\"sizes\":{\"thumbnail\":{\"url\":\"https:\/\/pawsunited.ch\/wp-content\/uploads\/2025\/07\/Lina-im-See-3-150x150.jpeg\",\"height\":150,\"width\":150,\"orientation\":\"landscape\"},\"medium\":{\"url\":\"https:\/\/pawsunited.ch\/wp-content\/uploads\/2025\/07\/Lina-im-See-3-225x300.jpeg\",\"height\":300,\"width\":225,\"orientation\":\"portrait\"},\"full\":{\"url\":\"https:\/\/pawsunited.ch\/wp-content\/uploads\/2025\/07\/Lina-im-See-3.jpeg\",\"height\":640,\"width\":480,\"orientation\":\"portrait\"}},\"imageMeta\":{\"aperture\":\"1.6\",\"credit\":\"Apple Photos Clean Up\",\"camera\":\"iPhone 15\",\"caption\":\"\",\"created_timestamp\":\"1753025030\",\"copyright\":\"\",\"focal_length\":\"5.96\",\"iso\":\"50\",\"shutter_speed\":\"0.00030202355783751\",\"title\":\"\",\"orientation\":\"1\",\"keywords\":[]},\"meta\":false,\"postlink\":\"https:\/\/pawsunited.ch\/?attachment_id=6991\"},{\"id\":6992,\"title\":\"Lina im See - 4\",\"url\":\"https:\/\/pawsunited.ch\/wp-content\/uploads\/2025\/07\/Lina-im-See-4.jpeg\",\"link\":\"https:\/\/pawsunited.ch\/?attachment_id=6992\",\"alt\":\"Lina im See\",\"description\":\"\",\"caption\":\"\",\"mime\":\"image\/jpeg\",\"type\":\"image\",\"width\":640,\"height\":480,\"sizes\":{\"thumbnail\":{\"url\":\"https:\/\/pawsunited.ch\/wp-content\/uploads\/2025\/07\/Lina-im-See-4-150x150.jpeg\",\"height\":150,\"width\":150,\"orientation\":\"landscape\"},\"medium\":{\"url\":\"https:\/\/pawsunited.ch\/wp-content\/uploads\/2025\/07\/Lina-im-See-4-300x225.jpeg\",\"height\":225,\"width\":300,\"orientation\":\"landscape\"},\"full\":{\"url\":\"https:\/\/pawsunited.ch\/wp-content\/uploads\/2025\/07\/Lina-im-See-4.jpeg\",\"height\":480,\"width\":640,\"orientation\":\"landscape\"}},\"imageMeta\":{\"aperture\":\"1.6\",\"credit\":\"Apple Photos Clean Up\",\"camera\":\"iPhone 15\",\"caption\":\"\",\"created_timestamp\":\"1753025076\",\"copyright\":\"\",\"focal_length\":\"5.96\",\"iso\":\"50\",\"shutter_speed\":\"0.00038895371450797\",\"title\":\"\",\"orientation\":\"1\",\"keywords\":[]},\"meta\":false,\"postlink\":\"https:\/\/pawsunited.ch\/?attachment_id=6992\"},{\"id\":6993,\"title\":\"Lina im See - 5\",\"url\":\"https:\/\/pawsunited.ch\/wp-content\/uploads\/2025\/07\/Lina-im-See-5.jpeg\",\"link\":\"https:\/\/pawsunited.ch\/?attachment_id=6993\",\"alt\":\"Lina im See\",\"description\":\"\",\"caption\":\"\",\"mime\":\"image\/jpeg\",\"type\":\"image\",\"width\":640,\"height\":480,\"sizes\":{\"thumbnail\":{\"url\":\"https:\/\/pawsunited.ch\/wp-content\/uploads\/2025\/07\/Lina-im-See-5-150x150.jpeg\",\"height\":150,\"width\":150,\"orientation\":\"landscape\"},\"medium\":{\"url\":\"https:\/\/pawsunited.ch\/wp-content\/uploads\/2025\/07\/Lina-im-See-5-300x225.jpeg\",\"height\":225,\"width\":300,\"orientation\":\"landscape\"},\"full\":{\"url\":\"https:\/\/pawsunited.ch\/wp-content\/uploads\/2025\/07\/Lina-im-See-5.jpeg\",\"height\":480,\"width\":640,\"orientation\":\"landscape\"}},\"imageMeta\":{\"aperture\":\"1.6\",\"credit\":\"Apple Photos Clean Up\",\"camera\":\"iPhone 15\",\"caption\":\"\",\"created_timestamp\":\"1753025076\",\"copyright\":\"\",\"focal_length\":\"5.96\",\"iso\":\"50\",\"shutter_speed\":\"0.00039793076004775\",\"title\":\"\",\"orientation\":\"1\",\"keywords\":[]},\"meta\":false,\"postlink\":\"https:\/\/pawsunited.ch\/?attachment_id=6993\"},{\"id\":6994,\"title\":\"Lina im See - 6\",\"url\":\"https:\/\/pawsunited.ch\/wp-content\/uploads\/2025\/07\/Lina-im-See-6.jpeg\",\"link\":\"https:\/\/pawsunited.ch\/?attachment_id=6994\",\"alt\":\"Lina im See\",\"description\":\"\",\"caption\":\"\",\"mime\":\"image\/jpeg\",\"type\":\"image\",\"width\":640,\"height\":480,\"sizes\":{\"thumbnail\":{\"url\":\"https:\/\/pawsunited.ch\/wp-content\/uploads\/2025\/07\/Lina-im-See-6-150x150.jpeg\",\"height\":150,\"width\":150,\"orientation\":\"landscape\"},\"medium\":{\"url\":\"https:\/\/pawsunited.ch\/wp-content\/uploads\/2025\/07\/Lina-im-See-6-300x225.jpeg\",\"height\":225,\"width\":300,\"orientation\":\"landscape\"},\"full\":{\"url\":\"https:\/\/pawsunited.ch\/wp-content\/uploads\/2025\/07\/Lina-im-See-6.jpeg\",\"height\":480,\"width\":640,\"orientation\":\"landscape\"}},\"imageMeta\":{\"aperture\":\"1.6\",\"credit\":\"Apple Photos Clean Up\",\"camera\":\"iPhone 15\",\"caption\":\"\",\"created_timestamp\":\"1753025076\",\"copyright\":\"\",\"focal_length\":\"5.96\",\"iso\":\"50\",\"shutter_speed\":\"0.00040799673602611\",\"title\":\"\",\"orientation\":\"1\",\"keywords\":[]},\"meta\":false,\"postlink\":\"https:\/\/pawsunited.ch\/?attachment_id=6994\"},{\"id\":6995,\"title\":\"Lina im See - 7\",\"url\":\"https:\/\/pawsunited.ch\/wp-content\/uploads\/2025\/07\/Lina-im-See-7.jpeg\",\"link\":\"https:\/\/pawsunited.ch\/?attachment_id=6995\",\"alt\":\"Lina im See\",\"description\":\"\",\"caption\":\"\",\"mime\":\"image\/jpeg\",\"type\":\"image\",\"width\":640,\"height\":480,\"sizes\":{\"thumbnail\":{\"url\":\"https:\/\/pawsunited.ch\/wp-content\/uploads\/2025\/07\/Lina-im-See-7-150x150.jpeg\",\"height\":150,\"width\":150,\"orientation\":\"landscape\"},\"medium\":{\"url\":\"https:\/\/pawsunited.ch\/wp-content\/uploads\/2025\/07\/Lina-im-See-7-300x225.jpeg\",\"height\":225,\"width\":300,\"orientation\":\"landscape\"},\"full\":{\"url\":\"https:\/\/pawsunited.ch\/wp-content\/uploads\/2025\/07\/Lina-im-See-7.jpeg\",\"height\":480,\"width\":640,\"orientation\":\"landscape\"}},\"imageMeta\":{\"aperture\":\"1.6\",\"credit\":\"Apple Photos Clean Up\",\"camera\":\"iPhone 15\",\"caption\":\"\",\"created_timestamp\":\"1753025080\",\"copyright\":\"\",\"focal_length\":\"5.96\",\"iso\":\"50\",\"shutter_speed\":\"0.00040799673602611\",\"title\":\"\",\"orientation\":\"1\",\"keywords\":[]},\"meta\":false,\"postlink\":\"https:\/\/pawsunited.ch\/?attachment_id=6995\"}],\"useClobalSettings\":true,\"shareTwitter\":false,\"sharePinterest\":false,\"sliderItemDownload\":false,\"shareCopyLink\":false,\"sliderSocialShareEnabled\":false,\"otterConditions\":[],\"itemsMetaDataCollection\":[]}<\/script><script>(function(){if(window.PGC_SGB && window.PGC_SGB.searcher){window.PGC_SGB.searcher.initBlocks()}})()<\/script><\/div>\n\n\n<div style=\"height:40px\" aria-hidden=\"true\" class=\"wp-block-spacer\"><\/div>\n\n\n\n<h2 class=\"wp-block-heading\" id=\"bluten-bienen-und-der-kampf-ums-perfekte-foto\">Blossoms, Bees, and the Quest for the Perfect Photo<\/h2>\n\n\n\n<p>While Lina dives into the lake, I try to capture the beauty of nature. Sweden&#8217;s natural wonders are evident in every bloom: purple fireweed, daisies like little suns, and a symphony of buzzing all around. But photographing bumblebees and bees? A true challenge! My lens may not be the most professional for this purpose, but I&#8217;ve learned: creativity trumps technology.<\/p>\n\n\n\n<h3 class=\"wp-block-heading\" id=\"iso-verschlusszeit-und-ein-hauch-von-geduld\"><strong>ISO, Shutter Speed, and a Touch of Patience<\/strong><\/h3>\n\n\n\n<p>After numerous blurry attempts, I experimented\u2014and lo and behold, the colors glow! The photos may not all be perfectly sharp, but they exude exactly what I feel: <strong>vitality<\/strong>. Perhaps that is the true magic of nature\u2014it doesn&#8217;t have to be perfect to enchant us.<\/p>\n\n\n<div class=\"pgc-sgb-cb wp-block-pgcsimplygalleryblock-masonry \" data-gallery-id=\"98106120\"><div class=\"sgb-preloader\" id=\"pr_98106120\">\n\t<div class=\"sgb-square\" style=\"background:#d4d4d4\"><\/div>\n\t<div class=\"sgb-square\" style=\"background:#d4d4d4\"><\/div>\n\t<div class=\"sgb-square\" style=\"background:#d4d4d4\"><\/div>\n\t<div class=\"sgb-square\" style=\"background:#d4d4d4\"><\/div><\/div><div class=\"simply-gallery-amp pgc_sgb_slider \"><noscript><div class=\"sgb-gallery\"><div class=\"sgb-item\"><a href=\"https:\/\/pawsunited.ch\/?attachment_id=6999\" target=\"_blank\"><img decoding=\"async\" alt=\"Libelle\" width=\"200\" height=\"300\" loading=\"lazy\" src=\"https:\/\/pawsunited.ch\/wp-content\/uploads\/2025\/07\/Blumen-und-Insekten-3-200x300.jpeg\" srcset=\"https:\/\/pawsunited.ch\/wp-content\/uploads\/2025\/07\/Blumen-und-Insekten-3-200x300.jpeg 200w,https:\/\/pawsunited.ch\/wp-content\/uploads\/2025\/07\/Blumen-und-Insekten-3.jpeg 427w\" sizes=\"auto, 250px\" title=\"\"><\/a><\/div><div class=\"sgb-item\"><a href=\"https:\/\/pawsunited.ch\/?attachment_id=7001\" target=\"_blank\"><img decoding=\"async\" alt=\"Biene\" width=\"300\" height=\"200\" loading=\"lazy\" src=\"https:\/\/pawsunited.ch\/wp-content\/uploads\/2025\/07\/Blumen-und-Insekten-5-300x200.jpeg\" srcset=\"https:\/\/pawsunited.ch\/wp-content\/uploads\/2025\/07\/Blumen-und-Insekten-5-300x200.jpeg 300w,https:\/\/pawsunited.ch\/wp-content\/uploads\/2025\/07\/Blumen-und-Insekten-5.jpeg 640w\" sizes=\"auto, 250px\" title=\"\"><\/a><\/div><div class=\"sgb-item\"><a href=\"https:\/\/pawsunited.ch\/?attachment_id=7002\" target=\"_blank\"><img decoding=\"async\" alt=\"Biene\" width=\"200\" height=\"300\" loading=\"lazy\" src=\"https:\/\/pawsunited.ch\/wp-content\/uploads\/2025\/07\/Blumen-und-Insekten-6-200x300.jpeg\" srcset=\"https:\/\/pawsunited.ch\/wp-content\/uploads\/2025\/07\/Blumen-und-Insekten-6-200x300.jpeg 200w,https:\/\/pawsunited.ch\/wp-content\/uploads\/2025\/07\/Blumen-und-Insekten-6.jpeg 427w\" sizes=\"auto, 250px\" title=\"\"><\/a><\/div><div class=\"sgb-item\"><a href=\"https:\/\/pawsunited.ch\/?attachment_id=7003\" target=\"_blank\"><img decoding=\"async\" alt=\"Margherite\" width=\"300\" height=\"200\" loading=\"lazy\" src=\"https:\/\/pawsunited.ch\/wp-content\/uploads\/2025\/07\/Blumen-und-Insekten-7-300x200.jpeg\" srcset=\"https:\/\/pawsunited.ch\/wp-content\/uploads\/2025\/07\/Blumen-und-Insekten-7-300x200.jpeg 300w,https:\/\/pawsunited.ch\/wp-content\/uploads\/2025\/07\/Blumen-und-Insekten-7.jpeg 640w\" sizes=\"auto, 250px\" title=\"\"><\/a><\/div><div class=\"sgb-item\"><a href=\"https:\/\/pawsunited.ch\/?attachment_id=7004\" target=\"_blank\"><img decoding=\"async\" alt=\"Margherite\" width=\"300\" height=\"200\" loading=\"lazy\" src=\"https:\/\/pawsunited.ch\/wp-content\/uploads\/2025\/07\/Blumen-und-Insekten-8-300x200.jpeg\" srcset=\"https:\/\/pawsunited.ch\/wp-content\/uploads\/2025\/07\/Blumen-und-Insekten-8-300x200.jpeg 300w,https:\/\/pawsunited.ch\/wp-content\/uploads\/2025\/07\/Blumen-und-Insekten-8.jpeg 640w\" sizes=\"auto, 250px\" title=\"\"><\/a><\/div><div class=\"sgb-item\"><a href=\"https:\/\/pawsunited.ch\/?attachment_id=7005\" target=\"_blank\"><img decoding=\"async\" alt=\"Hummel\" width=\"300\" height=\"200\" loading=\"lazy\" src=\"https:\/\/pawsunited.ch\/wp-content\/uploads\/2025\/07\/Blumen-und-Insekten-9-300x200.jpeg\" srcset=\"https:\/\/pawsunited.ch\/wp-content\/uploads\/2025\/07\/Blumen-und-Insekten-9-300x200.jpeg 300w,https:\/\/pawsunited.ch\/wp-content\/uploads\/2025\/07\/Blumen-und-Insekten-9.jpeg 640w\" sizes=\"auto, 250px\" title=\"\"><\/a><\/div><div class=\"sgb-item\"><a href=\"https:\/\/pawsunited.ch\/?attachment_id=7006\" target=\"_blank\"><img decoding=\"async\" alt=\"Hummel\" width=\"300\" height=\"180\" loading=\"lazy\" src=\"https:\/\/pawsunited.ch\/wp-content\/uploads\/2025\/07\/Blumen-und-Insekten-10-300x180.jpeg\" srcset=\"https:\/\/pawsunited.ch\/wp-content\/uploads\/2025\/07\/Blumen-und-Insekten-10-300x180.jpeg 300w,https:\/\/pawsunited.ch\/wp-content\/uploads\/2025\/07\/Blumen-und-Insekten-10.jpeg 640w\" sizes=\"auto, 250px\" title=\"\"><\/a><\/div><div class=\"sgb-item\"><a href=\"https:\/\/pawsunited.ch\/?attachment_id=7007\" target=\"_blank\"><img decoding=\"async\" alt=\"Schwebfliebe\" width=\"200\" height=\"300\" loading=\"lazy\" src=\"https:\/\/pawsunited.ch\/wp-content\/uploads\/2025\/07\/Blumen-und-Insekten-11-200x300.jpeg\" srcset=\"https:\/\/pawsunited.ch\/wp-content\/uploads\/2025\/07\/Blumen-und-Insekten-11-200x300.jpeg 200w,https:\/\/pawsunited.ch\/wp-content\/uploads\/2025\/07\/Blumen-und-Insekten-11.jpeg 427w\" sizes=\"auto, 250px\" title=\"\"><\/a><\/div><div class=\"sgb-item\"><a href=\"https:\/\/pawsunited.ch\/?attachment_id=7008\" target=\"_blank\"><img decoding=\"async\" alt=\"Hummel\" width=\"200\" height=\"300\" loading=\"lazy\" src=\"https:\/\/pawsunited.ch\/wp-content\/uploads\/2025\/07\/Blumen-und-Insekten-12-200x300.jpeg\" srcset=\"https:\/\/pawsunited.ch\/wp-content\/uploads\/2025\/07\/Blumen-und-Insekten-12-200x300.jpeg 200w,https:\/\/pawsunited.ch\/wp-content\/uploads\/2025\/07\/Blumen-und-Insekten-12.jpeg 427w\" sizes=\"auto, 250px\" title=\"\"><\/a><\/div><\/div><\/noscript><\/div><script type=\"application\/json\" class=\"sgb-data\">{\"collectionColumns\":2,\"externalLink\":false,\"collectionThumbSubMenuDownload\":false,\"collectionThumbSubMenuShare\":false,\"galleryType\":\"pgc_sgb_masonry\",\"galleryId\":\"98106120\",\"images\":[{\"id\":6999,\"title\":\"Blumen und Insekten - 3\",\"url\":\"https:\/\/pawsunited.ch\/wp-content\/uploads\/2025\/07\/Blumen-und-Insekten-3.jpeg\",\"link\":\"https:\/\/pawsunited.ch\/?attachment_id=6999\",\"alt\":\"Libelle\",\"description\":\"\",\"caption\":\"\",\"mime\":\"image\/jpeg\",\"type\":\"image\",\"width\":427,\"height\":640,\"sizes\":{\"thumbnail\":{\"url\":\"https:\/\/pawsunited.ch\/wp-content\/uploads\/2025\/07\/Blumen-und-Insekten-3-150x150.jpeg\",\"height\":150,\"width\":150,\"orientation\":\"landscape\"},\"medium\":{\"url\":\"https:\/\/pawsunited.ch\/wp-content\/uploads\/2025\/07\/Blumen-und-Insekten-3-200x300.jpeg\",\"height\":300,\"width\":200,\"orientation\":\"portrait\"},\"full\":{\"url\":\"https:\/\/pawsunited.ch\/wp-content\/uploads\/2025\/07\/Blumen-und-Insekten-3.jpeg\",\"height\":640,\"width\":427,\"orientation\":\"portrait\"}},\"imageMeta\":{\"aperture\":\"4\",\"credit\":\"Monika Baer\",\"camera\":\"Canon EOS 600D\",\"caption\":\"\",\"created_timestamp\":\"1753216822\",\"copyright\":\"PawsUnited\",\"focal_length\":\"200\",\"iso\":\"400\",\"shutter_speed\":\"0.001\",\"title\":\"\",\"orientation\":\"1\",\"keywords\":[]},\"meta\":false,\"postlink\":\"https:\/\/pawsunited.ch\/?attachment_id=6999\"},{\"id\":7001,\"title\":\"Blumen und Insekten - 5\",\"url\":\"https:\/\/pawsunited.ch\/wp-content\/uploads\/2025\/07\/Blumen-und-Insekten-5.jpeg\",\"link\":\"https:\/\/pawsunited.ch\/?attachment_id=7001\",\"alt\":\"Biene\",\"description\":\"\",\"caption\":\"\",\"mime\":\"image\/jpeg\",\"type\":\"image\",\"width\":640,\"height\":427,\"sizes\":{\"thumbnail\":{\"url\":\"https:\/\/pawsunited.ch\/wp-content\/uploads\/2025\/07\/Blumen-und-Insekten-5-150x150.jpeg\",\"height\":150,\"width\":150,\"orientation\":\"landscape\"},\"medium\":{\"url\":\"https:\/\/pawsunited.ch\/wp-content\/uploads\/2025\/07\/Blumen-und-Insekten-5-300x200.jpeg\",\"height\":200,\"width\":300,\"orientation\":\"landscape\"},\"full\":{\"url\":\"https:\/\/pawsunited.ch\/wp-content\/uploads\/2025\/07\/Blumen-und-Insekten-5.jpeg\",\"height\":427,\"width\":640,\"orientation\":\"landscape\"}},\"imageMeta\":{\"aperture\":\"4\",\"credit\":\"Monika Baer\",\"camera\":\"Canon EOS 600D\",\"caption\":\"\",\"created_timestamp\":\"1753217111\",\"copyright\":\"PawsUnited\",\"focal_length\":\"200\",\"iso\":\"200\",\"shutter_speed\":\"0.0025\",\"title\":\"\",\"orientation\":\"1\",\"keywords\":[]},\"meta\":false,\"postlink\":\"https:\/\/pawsunited.ch\/?attachment_id=7001\"},{\"id\":7002,\"title\":\"Blumen und Insekten - 6\",\"url\":\"https:\/\/pawsunited.ch\/wp-content\/uploads\/2025\/07\/Blumen-und-Insekten-6.jpeg\",\"link\":\"https:\/\/pawsunited.ch\/?attachment_id=7002\",\"alt\":\"Biene\",\"description\":\"\",\"caption\":\"\",\"mime\":\"image\/jpeg\",\"type\":\"image\",\"width\":427,\"height\":640,\"sizes\":{\"thumbnail\":{\"url\":\"https:\/\/pawsunited.ch\/wp-content\/uploads\/2025\/07\/Blumen-und-Insekten-6-150x150.jpeg\",\"height\":150,\"width\":150,\"orientation\":\"landscape\"},\"medium\":{\"url\":\"https:\/\/pawsunited.ch\/wp-content\/uploads\/2025\/07\/Blumen-und-Insekten-6-200x300.jpeg\",\"height\":300,\"width\":200,\"orientation\":\"portrait\"},\"full\":{\"url\":\"https:\/\/pawsunited.ch\/wp-content\/uploads\/2025\/07\/Blumen-und-Insekten-6.jpeg\",\"height\":640,\"width\":427,\"orientation\":\"portrait\"}},\"imageMeta\":{\"aperture\":\"4\",\"credit\":\"Monika Baer\",\"camera\":\"Canon EOS 600D\",\"caption\":\"\",\"created_timestamp\":\"1753217323\",\"copyright\":\"PawsUnited\",\"focal_length\":\"200\",\"iso\":\"200\",\"shutter_speed\":\"0.0025\",\"title\":\"\",\"orientation\":\"1\",\"keywords\":[]},\"meta\":false,\"postlink\":\"https:\/\/pawsunited.ch\/?attachment_id=7002\"},{\"id\":7003,\"title\":\"Blumen und Insekten - 7\",\"url\":\"https:\/\/pawsunited.ch\/wp-content\/uploads\/2025\/07\/Blumen-und-Insekten-7.jpeg\",\"link\":\"https:\/\/pawsunited.ch\/?attachment_id=7003\",\"alt\":\"Margherite\",\"description\":\"\",\"caption\":\"\",\"mime\":\"image\/jpeg\",\"type\":\"image\",\"width\":640,\"height\":427,\"sizes\":{\"thumbnail\":{\"url\":\"https:\/\/pawsunited.ch\/wp-content\/uploads\/2025\/07\/Blumen-und-Insekten-7-150x150.jpeg\",\"height\":150,\"width\":150,\"orientation\":\"landscape\"},\"medium\":{\"url\":\"https:\/\/pawsunited.ch\/wp-content\/uploads\/2025\/07\/Blumen-und-Insekten-7-300x200.jpeg\",\"height\":200,\"width\":300,\"orientation\":\"landscape\"},\"full\":{\"url\":\"https:\/\/pawsunited.ch\/wp-content\/uploads\/2025\/07\/Blumen-und-Insekten-7.jpeg\",\"height\":427,\"width\":640,\"orientation\":\"landscape\"}},\"imageMeta\":{\"aperture\":\"4\",\"credit\":\"Monika Baer\",\"camera\":\"Canon EOS 600D\",\"caption\":\"\",\"created_timestamp\":\"1753303329\",\"copyright\":\"PawsUnited\",\"focal_length\":\"121\",\"iso\":\"200\",\"shutter_speed\":\"0.00125\",\"title\":\"\",\"orientation\":\"1\",\"keywords\":[]},\"meta\":false,\"postlink\":\"https:\/\/pawsunited.ch\/?attachment_id=7003\"},{\"id\":7004,\"title\":\"Blumen und Insekten - 8\",\"url\":\"https:\/\/pawsunited.ch\/wp-content\/uploads\/2025\/07\/Blumen-und-Insekten-8.jpeg\",\"link\":\"https:\/\/pawsunited.ch\/?attachment_id=7004\",\"alt\":\"Margherite\",\"description\":\"\",\"caption\":\"\",\"mime\":\"image\/jpeg\",\"type\":\"image\",\"width\":640,\"height\":427,\"sizes\":{\"thumbnail\":{\"url\":\"https:\/\/pawsunited.ch\/wp-content\/uploads\/2025\/07\/Blumen-und-Insekten-8-150x150.jpeg\",\"height\":150,\"width\":150,\"orientation\":\"landscape\"},\"medium\":{\"url\":\"https:\/\/pawsunited.ch\/wp-content\/uploads\/2025\/07\/Blumen-und-Insekten-8-300x200.jpeg\",\"height\":200,\"width\":300,\"orientation\":\"landscape\"},\"full\":{\"url\":\"https:\/\/pawsunited.ch\/wp-content\/uploads\/2025\/07\/Blumen-und-Insekten-8.jpeg\",\"height\":427,\"width\":640,\"orientation\":\"landscape\"}},\"imageMeta\":{\"aperture\":\"4\",\"credit\":\"Monika Baer\",\"camera\":\"Canon EOS 600D\",\"caption\":\"\",\"created_timestamp\":\"1753303430\",\"copyright\":\"PawsUnited\",\"focal_length\":\"200\",\"iso\":\"400\",\"shutter_speed\":\"0.0015625\",\"title\":\"\",\"orientation\":\"1\",\"keywords\":[]},\"meta\":false,\"postlink\":\"https:\/\/pawsunited.ch\/?attachment_id=7004\"},{\"id\":7005,\"title\":\"Blumen und Insekten - 9\",\"url\":\"https:\/\/pawsunited.ch\/wp-content\/uploads\/2025\/07\/Blumen-und-Insekten-9.jpeg\",\"link\":\"https:\/\/pawsunited.ch\/?attachment_id=7005\",\"alt\":\"Hummel\",\"description\":\"\",\"caption\":\"\",\"mime\":\"image\/jpeg\",\"type\":\"image\",\"width\":640,\"height\":427,\"sizes\":{\"thumbnail\":{\"url\":\"https:\/\/pawsunited.ch\/wp-content\/uploads\/2025\/07\/Blumen-und-Insekten-9-150x150.jpeg\",\"height\":150,\"width\":150,\"orientation\":\"landscape\"},\"medium\":{\"url\":\"https:\/\/pawsunited.ch\/wp-content\/uploads\/2025\/07\/Blumen-und-Insekten-9-300x200.jpeg\",\"height\":200,\"width\":300,\"orientation\":\"landscape\"},\"full\":{\"url\":\"https:\/\/pawsunited.ch\/wp-content\/uploads\/2025\/07\/Blumen-und-Insekten-9.jpeg\",\"height\":427,\"width\":640,\"orientation\":\"landscape\"}},\"imageMeta\":{\"aperture\":\"4\",\"credit\":\"Monika Baer\",\"camera\":\"Canon EOS 600D\",\"caption\":\"\",\"created_timestamp\":\"1753389318\",\"copyright\":\"PawsUnited\",\"focal_length\":\"200\",\"iso\":\"3200\",\"shutter_speed\":\"0.00025\",\"title\":\"\",\"orientation\":\"1\",\"keywords\":[]},\"meta\":false,\"postlink\":\"https:\/\/pawsunited.ch\/?attachment_id=7005\"},{\"id\":7006,\"title\":\"Blumen und Insekten - 10\",\"url\":\"https:\/\/pawsunited.ch\/wp-content\/uploads\/2025\/07\/Blumen-und-Insekten-10.jpeg\",\"link\":\"https:\/\/pawsunited.ch\/?attachment_id=7006\",\"alt\":\"Hummel\",\"description\":\"\",\"caption\":\"\",\"mime\":\"image\/jpeg\",\"type\":\"image\",\"width\":640,\"height\":383,\"sizes\":{\"thumbnail\":{\"url\":\"https:\/\/pawsunited.ch\/wp-content\/uploads\/2025\/07\/Blumen-und-Insekten-10-150x150.jpeg\",\"height\":150,\"width\":150,\"orientation\":\"landscape\"},\"medium\":{\"url\":\"https:\/\/pawsunited.ch\/wp-content\/uploads\/2025\/07\/Blumen-und-Insekten-10-300x180.jpeg\",\"height\":180,\"width\":300,\"orientation\":\"landscape\"},\"full\":{\"url\":\"https:\/\/pawsunited.ch\/wp-content\/uploads\/2025\/07\/Blumen-und-Insekten-10.jpeg\",\"height\":383,\"width\":640,\"orientation\":\"landscape\"}},\"imageMeta\":{\"aperture\":\"4\",\"credit\":\"Monika Baer\",\"camera\":\"Canon EOS 600D\",\"caption\":\"\",\"created_timestamp\":\"1753389616\",\"copyright\":\"PawsUnited\",\"focal_length\":\"200\",\"iso\":\"1600\",\"shutter_speed\":\"0.0003125\",\"title\":\"\",\"orientation\":\"1\",\"keywords\":[]},\"meta\":false,\"postlink\":\"https:\/\/pawsunited.ch\/?attachment_id=7006\"},{\"id\":7007,\"title\":\"Blumen und Insekten - 11\",\"url\":\"https:\/\/pawsunited.ch\/wp-content\/uploads\/2025\/07\/Blumen-und-Insekten-11.jpeg\",\"link\":\"https:\/\/pawsunited.ch\/?attachment_id=7007\",\"alt\":\"Schwebfliebe\",\"description\":\"\",\"caption\":\"\",\"mime\":\"image\/jpeg\",\"type\":\"image\",\"width\":427,\"height\":640,\"sizes\":{\"thumbnail\":{\"url\":\"https:\/\/pawsunited.ch\/wp-content\/uploads\/2025\/07\/Blumen-und-Insekten-11-150x150.jpeg\",\"height\":150,\"width\":150,\"orientation\":\"landscape\"},\"medium\":{\"url\":\"https:\/\/pawsunited.ch\/wp-content\/uploads\/2025\/07\/Blumen-und-Insekten-11-200x300.jpeg\",\"height\":300,\"width\":200,\"orientation\":\"portrait\"},\"full\":{\"url\":\"https:\/\/pawsunited.ch\/wp-content\/uploads\/2025\/07\/Blumen-und-Insekten-11.jpeg\",\"height\":640,\"width\":427,\"orientation\":\"portrait\"}},\"imageMeta\":{\"aperture\":\"4\",\"credit\":\"Monika Baer\",\"camera\":\"Canon EOS 600D\",\"caption\":\"\",\"created_timestamp\":\"1753389746\",\"copyright\":\"PawsUnited\",\"focal_length\":\"200\",\"iso\":\"3200\",\"shutter_speed\":\"0.0004\",\"title\":\"\",\"orientation\":\"1\",\"keywords\":[]},\"meta\":false,\"postlink\":\"https:\/\/pawsunited.ch\/?attachment_id=7007\"},{\"id\":7008,\"title\":\"Blumen und Insekten - 12\",\"url\":\"https:\/\/pawsunited.ch\/wp-content\/uploads\/2025\/07\/Blumen-und-Insekten-12.jpeg\",\"link\":\"https:\/\/pawsunited.ch\/?attachment_id=7008\",\"alt\":\"Hummel\",\"description\":\"\",\"caption\":\"\",\"mime\":\"image\/jpeg\",\"type\":\"image\",\"width\":427,\"height\":640,\"sizes\":{\"thumbnail\":{\"url\":\"https:\/\/pawsunited.ch\/wp-content\/uploads\/2025\/07\/Blumen-und-Insekten-12-150x150.jpeg\",\"height\":150,\"width\":150,\"orientation\":\"landscape\"},\"medium\":{\"url\":\"https:\/\/pawsunited.ch\/wp-content\/uploads\/2025\/07\/Blumen-und-Insekten-12-200x300.jpeg\",\"height\":300,\"width\":200,\"orientation\":\"portrait\"},\"full\":{\"url\":\"https:\/\/pawsunited.ch\/wp-content\/uploads\/2025\/07\/Blumen-und-Insekten-12.jpeg\",\"height\":640,\"width\":427,\"orientation\":\"portrait\"}},\"imageMeta\":{\"aperture\":\"4\",\"credit\":\"Monika Baer\",\"camera\":\"Canon EOS 600D\",\"caption\":\"\",\"created_timestamp\":\"1753389995\",\"copyright\":\"PawsUnited\",\"focal_length\":\"200\",\"iso\":\"6400\",\"shutter_speed\":\"0.0005\",\"title\":\"\",\"orientation\":\"1\",\"keywords\":[]},\"meta\":false,\"postlink\":\"https:\/\/pawsunited.ch\/?attachment_id=7008\"}],\"useClobalSettings\":true,\"shareTwitter\":false,\"sharePinterest\":false,\"sliderItemDownload\":false,\"shareCopyLink\":false,\"sliderSocialShareEnabled\":false,\"otterConditions\":[],\"itemsMetaDataCollection\":[]}<\/script><script>(function(){if(window.PGC_SGB && window.PGC_SGB.searcher){window.PGC_SGB.searcher.initBlocks()}})()<\/script><\/div>\n\n\n<div style=\"height:40px\" aria-hidden=\"true\" class=\"wp-block-spacer\"><\/div>\n\n\n\n<h2 class=\"wp-block-heading\" id=\"dankbarkeit-die-bluht-wie-die-wildblumen\"><strong>Gratitude That Blooms Like Wildflowers<\/strong><\/h2>\n\n\n\n<p>As I wander through nature, I feel this deep sensation over and over: I belong here. The heat may be unusual, the insects too quick for my camera\u2014but that\u2019s what makes it authentic. Every sunset, every bumblebee diving into a flower\u2014these natural wonders of Sweden remind me of how richly blessed we are.<\/p>\n\n\n\n<h2 class=\"wp-block-heading\" id=\"was-der-sommer-noch-bringt\">What the Summer Still Holds&#8230;<\/h2>\n\n\n\n<p>Who knows how long the heat will last? Maybe a Swedish rain shower will soon follow. Until then, I\u2019m enjoying the lakes, Lina&#8217;s cheerful barking (OK, sometimes the barking is a bit annoying \ud83d\ude44&#8230;), and the buzzing of the bees. And yes\u2014I will keep honing my photography skills!<\/p>\n\n\n\n<p><strong>To you:<\/strong> How are you experiencing this summer? Do you have tips for photographing insects? Feel free to write to me via the <a href=\"https:\/\/pawsunited.ch\/en\/kontakt\/\" target=\"_blank\" rel=\"noreferrer noopener\">contact form<\/a>!<\/p>\n\n\n\n<p><\/p>\n\n\n\n<p><em>Tack f\u00f6r att du \u00e4r h\u00e4r!<\/em><br>(&#8220;Thank you for being here!&#8221;\u2014in Swedish \ud83d\ude0a)<\/p>\n\n\n\n<p><strong>P.S.:<\/strong> The heat may make me sweat at times, but it also has its perks: Never before have I so intensely experienced the powerful and ever-changing nature of the North. And for that, I am grateful\u2014every single day. \ud83c\udf38\ud83d\udc1d\ud83c\udf1e<\/p>\n\n\n\n<p><em>This post is not only a journey through the Swedish summer but also an invitation to discover the small wonders around us. Stay curious\u2014and stay grateful! <\/em>\ud83d\udc9b<\/p>\n","protected":false},"excerpt":{"rendered":"<p>Natural Wonders in Sweden: Summer Heat, Blossoming Splendor, and Grateful Glances Back Almost exactly one year ago, I arrived in Sweden\u2014and what a year of surprises, growth, natural wonders, and unexpected beauty it has been! Today, I sit here in Glommerstr\u00e4sk, surrounded by buzzing bees, wildflower meadows, and a heat that does not spare even&hellip;&nbsp;<a href=\"https:\/\/pawsunited.ch\/en\/naturwunder-hitze-bluetenpracht-und-dankbarkeit\/\" rel=\"bookmark\">Read More &raquo;<span class=\"screen-reader-text\">Natural Wonders between Heat, Blossoming Splendor, and Gratitude<\/span><\/a><\/p>\n","protected":false},"author":1,"featured_media":6997,"comment_status":"closed","ping_status":"closed","sticky":false,"template":"","format":"standard","meta":{"neve_meta_sidebar":"","neve_meta_container":"","neve_meta_enable_content_width":"","neve_meta_content_width":0,"neve_meta_title_alignment":"","neve_meta_author_avatar":"","neve_post_elements_order":"","neve_meta_disable_header":"","neve_meta_disable_footer":"","neve_meta_disable_title":"","pgc_sgb_lightbox_settings":"","_themeisle_gutenberg_block_has_review":false,"iawp_total_views":77,"footnotes":""},"categories":[41,29],"tags":[34,32,13],"class_list":["post-6981","post","type-post","status-publish","format-standard","has-post-thumbnail","hentry","category-fotografie","category-reiseblog","tag-fotografie","tag-schweden","tag-video"],"publishpress_future_workflow_manual_trigger":{"enabledWorkflows":[]},"_links":{"self":[{"href":"https:\/\/pawsunited.ch\/en\/wp-json\/wp\/v2\/posts\/6981","targetHints":{"allow":["GET"]}}],"collection":[{"href":"https:\/\/pawsunited.ch\/en\/wp-json\/wp\/v2\/posts"}],"about":[{"href":"https:\/\/pawsunited.ch\/en\/wp-json\/wp\/v2\/types\/post"}],"author":[{"embeddable":true,"href":"https:\/\/pawsunited.ch\/en\/wp-json\/wp\/v2\/users\/1"}],"replies":[{"embeddable":true,"href":"https:\/\/pawsunited.ch\/en\/wp-json\/wp\/v2\/comments?post=6981"}],"version-history":[{"count":1,"href":"https:\/\/pawsunited.ch\/en\/wp-json\/wp\/v2\/posts\/6981\/revisions"}],"predecessor-version":[{"id":7848,"href":"https:\/\/pawsunited.ch\/en\/wp-json\/wp\/v2\/posts\/6981\/revisions\/7848"}],"wp:featuredmedia":[{"embeddable":true,"href":"https:\/\/pawsunited.ch\/en\/wp-json\/wp\/v2\/media\/6997"}],"wp:attachment":[{"href":"https:\/\/pawsunited.ch\/en\/wp-json\/wp\/v2\/media?parent=6981"}],"wp:term":[{"taxonomy":"category","embeddable":true,"href":"https:\/\/pawsunited.ch\/en\/wp-json\/wp\/v2\/categories?post=6981"},{"taxonomy":"post_tag","embeddable":true,"href":"https:\/\/pawsunited.ch\/en\/wp-json\/wp\/v2\/tags?post=6981"}],"curies":[{"name":"wp","href":"https:\/\/api.w.org\/{rel}","templated":true}]}}